[{"@context":"https:\/\/schema.org\/","@type":"Article","@id":"https:\/\/www.ok5.cz\/umite-pripojit-mys-k-zarizeni-ipad\/#Article","mainEntityOfPage":"https:\/\/www.ok5.cz\/umite-pripojit-mys-k-zarizeni-ipad\/","headline":"Um\u00edte p\u0159ipojit my\u0161 k za\u0159\u00edzen\u00ed iPad?","name":"Um\u00edte p\u0159ipojit my\u0161 k za\u0159\u00edzen\u00ed iPad?","description":"Pokud jste vlastn\u00edkem iPadu a nepou\u017e\u00edv\u00e1te ho pouze k&nbsp;surfov\u00e1n\u00ed po internetu, ale ob\u010das nebo dokonce pravideln\u011b i k&nbsp;pr\u00e1ci, jist\u011b jste u\u017e zkusili ke sv\u00e9mu Apple za\u0159\u00edzen\u00ed n\u011bkdy p\u0159ipojit my\u0161. A mo\u017en\u00e1 V\u00e1s trochu p\u0159ekvapilo, \u017ee to nejde. Nebo alespo\u0148 doned\u00e1vna to mno\u017en\u00e9 nebylo. Apple zkr\u00e1tka na mobiln\u00edch za\u0159\u00edzen\u00edch tuto funkci nepodporoval. A\u0165 u\u017e byly d\u016fvody [&hellip;]","datePublished":"2019-11-06","dateModified":"2023-05-07","author":{"@type":"Person","@id":"https:\/\/www.ok5.cz\/author\/#Person","name":"","url":"https:\/\/www.ok5.cz\/author\/","identifier":1,"image":{"@type":"ImageObject","@id":"https:\/\/secure.gravatar.com\/avatar\/a414941ff2b86a79f1a70a433f21d60df00047fefe742a46b6fded139881a475?s=96&d=mm&r=g","url":"https:\/\/secure.gravatar.com\/avatar\/a414941ff2b86a79f1a70a433f21d60df00047fefe742a46b6fded139881a475?s=96&d=mm&r=g","height":96,"width":96}},"publisher":{"@type":"Organization","name":"ok5.cz","logo":{"@type":"ImageObject","@id":"\/logo.png","url":"\/logo.png","width":600,"height":60}},"image":{"@type":"ImageObject","@id":"https:\/\/www.ok5.cz\/wp-content\/uploads\/img_a360899_w3724_t1574503400.jpg","url":"https:\/\/www.ok5.cz\/wp-content\/uploads\/img_a360899_w3724_t1574503400.jpg","height":0,"width":0},"url":"https:\/\/www.ok5.cz\/umite-pripojit-mys-k-zarizeni-ipad\/","about":["IT"],"wordCount":494,"articleBody":"Pokud jste vlastn\u00edkem iPadu a nepou\u017e\u00edv\u00e1te ho pouze k&nbsp;surfov\u00e1n\u00ed po internetu, ale ob\u010das nebo dokonce pravideln\u011b i k&nbsp;pr\u00e1ci, jist\u011b jste u\u017e zkusili ke sv\u00e9mu Apple za\u0159\u00edzen\u00ed n\u011bkdy p\u0159ipojit my\u0161. A mo\u017en\u00e1 V\u00e1s trochu p\u0159ekvapilo, \u017ee to nejde. Nebo alespo\u0148 doned\u00e1vna to mno\u017en\u00e9 nebylo. Apple zkr\u00e1tka na mobiln\u00edch za\u0159\u00edzen\u00edch tuto funkci nepodporoval. A\u0165 u\u017e byly d\u016fvody jak\u00e9koliv, z\u0159ejm\u011b u\u017e pominuly. V\u00fdvoj\u00e1\u0159i vysly\u0161eli \u010dast\u00e1 vol\u00e1n\u00ed u\u017eivatel\u016f a od aktualizace na nov\u00fd iPadOS 13 si m\u016f\u017eete my\u0161 p\u0159es Bluetooth nebo USB p\u0159ipojit i Vy. Nejde to ov\u0161em \u00fapln\u011b automaticky, tak\u017ee to od V\u00e1s bude vy\u017eadovat p\u00e1r n\u00e1sleduj\u00edc\u00edch krok\u016f.&nbsp;Jak na to?&middot;&nbsp;&nbsp;&nbsp;&nbsp;&nbsp;&nbsp;&nbsp;&nbsp; Pokud je\u0161t\u011b nem\u00e1te, aktualizujte sv\u016fj iOS na iPadOS 13&middot;&nbsp;&nbsp;&nbsp;&nbsp;&nbsp;&nbsp;&nbsp;&nbsp; Na za\u0159\u00edzen\u00ed iPad otev\u0159ete Nastaven\u00ed&middot;&nbsp;&nbsp;&nbsp;&nbsp;&nbsp;&nbsp;&nbsp;&nbsp; V&nbsp;Nastaven\u00ed najd\u011bte polo\u017eku Zp\u0159\u00edstupn\u011bn\u00ed a otev\u0159ete&middot;&nbsp;&nbsp;&nbsp;&nbsp;&nbsp;&nbsp;&nbsp;&nbsp; Z&nbsp;\u0161irok\u00e9 nab\u00eddky zvolte polo\u017eku Dotyk a klepn\u011bte&middot;&nbsp;&nbsp;&nbsp;&nbsp;&nbsp;&nbsp;&nbsp;&nbsp; Vyberte AssistiveTouch a vyberte polohovac\u00ed za\u0159\u00edzen\u00ed&middot;&nbsp;&nbsp;&nbsp;&nbsp;&nbsp;&nbsp;&nbsp;&nbsp; V&nbsp;nab\u00eddce by se V\u00e1m m\u011bla zobrazit Va\u0161e my\u0161&nbsp;Pokud se V\u00e1m my\u0161 st\u00e1le nezobrazuje, zkontrolujte, \u017ee je \u0159\u00e1dn\u011b zapnut\u00e1, funk\u010dn\u00ed a m\u00e1 nabit\u00e9 baterie nebo akumul\u00e1tor. Nezapome\u0148te tak\u00e9 zapnout Bluetooth na sv\u00e9m za\u0159\u00edzen\u00ed iPad.&nbsp;A\u017e budete m\u00edt my\u0161 sp\u00e1rovanou a funk\u010dn\u00ed, m\u016f\u017eete si tak\u00e9 upravit funkce jednotliv\u00fdch tla\u010d\u00edtek. Sta\u010d\u00ed kdy\u017e v&nbsp;Nastaven\u00ed vedle n\u00e1zvu Va\u0161\u00ed my\u0161i kliknete na zakrou\u017ekovan\u00e9 i a vyberete funkce pro jednotliv\u00e1 tla\u010d\u00edtka. My\u0161 m\u016f\u017eete potom pou\u017e\u00edvat stejn\u011b jako u Va\u0161eho laptopu a klikat s&nbsp;n\u00ed na ikony a odkazy m\u00edsto pou\u017e\u00edv\u00e1n\u00ed prstu. Z\u00e1rove\u0148 m\u016f\u017eete toto ovl\u00e1dac\u00ed za\u0159\u00edzen\u00ed pou\u017e\u00edt k&nbsp;ovl\u00e1d\u00e1n\u00ed nab\u00eddky AssistiveTouch. Kurzorem v&nbsp;tomhle p\u0159\u00edpad\u011b nebude klasick\u00e1 \u0161ipka, ale kulat\u00fd \u0161ed\u00fd ukazatel. Na obrazovce se V\u00e1m z\u00e1rove\u0148 bude ukazovat \u0161edob\u00edl\u00fd punt\u00edk pr\u00e1v\u011b s nab\u00eddkou AssistiveTouch.&nbsp;Mo\u017enost p\u0159ipojit my\u0161 nebo trackpad je nejsp\u00ed\u0161 sou\u010d\u00e1st\u00ed v\u011bt\u0161\u00edho projektu, v&nbsp;r\u00e1mci kter\u00e9ho se Apple sna\u017e\u00ed p\u0159esv\u011bd\u010dit u\u017eivatele sv\u00fdch za\u0159\u00edzen\u00ed, \u017ee iPadem je mo\u017en\u00e9 kompletn\u011b nahradit zejm\u00e9na dom\u00e1c\u00ed po\u010d\u00edta\u010de. Pro pracovn\u00ed pou\u017eit\u00ed je potom iPad pl\u00e1novan\u00fd jako extern\u00ed monitor pro Mac, a pr\u00e1v\u011b k&nbsp;tomuto \u00fa\u010delu je zapojen\u00ed my\u0161i v\u00edce ne\u017e \u017e\u00e1douc\u00ed.                                                                                                                                                                                                                                                                                                                                                                                        4.6\/5 - (10 votes)        "},{"@context":"https:\/\/schema.org\/","@type":"BreadcrumbList","itemListElement":[{"@type":"ListItem","position":1,"name":"Um\u00edte p\u0159ipojit my\u0161 k za\u0159\u00edzen\u00ed iPad?","item":"https:\/\/www.ok5.cz\/umite-pripojit-mys-k-zarizeni-ipad\/#breadcrumbitem"}]}]