{"@context":"https:\/\/schema.org\/","@type":"CollectionPage","@id":"https:\/\/www.ok5.cz\/politika\/#CollectionPage","headline":"Politika Category","description":"","url":"https:\/\/www.ok5.cz\/politika\/","hasPart":[{"@type":"Article","@id":"https:\/\/www.ok5.cz\/co-vite-o-politice-evropske-unie\/","headline":"Co v\u00edte o POLITICE EVROPSK\u00c9 UNIE?","url":"https:\/\/www.ok5.cz\/co-vite-o-politice-evropske-unie\/","datePublished":"2022-02-07","dateModified":"2023-05-07","mainEntityOfPage":"https:\/\/www.ok5.cz\/co-vite-o-politice-evropske-unie\/","author":{"@type":"Person","@id":"https:\/\/www.ok5.cz\/author\/#Person","name":"","url":"https:\/\/www.ok5.cz\/author\/","identifier":1,"image":{"@type":"ImageObject","@id":"https:\/\/secure.gravatar.com\/avatar\/a414941ff2b86a79f1a70a433f21d60df00047fefe742a46b6fded139881a475?s=96&d=mm&r=g","url":"https:\/\/secure.gravatar.com\/avatar\/a414941ff2b86a79f1a70a433f21d60df00047fefe742a46b6fded139881a475?s=96&d=mm&r=g","height":96,"width":96}},"publisher":{"@type":"Organization","name":"ok5.cz","logo":{"@type":"ImageObject","@id":"\/logo.png","url":"\/logo.png","width":600,"height":60}},"image":{"@type":"ImageObject","@id":"https:\/\/www.ok5.cz\/wp-content\/uploads\/pexels-eberhard-grossgasteiger-1743364.jpg","url":"https:\/\/www.ok5.cz\/wp-content\/uploads\/pexels-eberhard-grossgasteiger-1743364.jpg","height":0,"width":0},"keywords":null},{"@type":"Article","@id":"https:\/\/www.ok5.cz\/regionalni-mocnost\/","headline":"Region\u00e1ln\u00ed mocnost","url":"https:\/\/www.ok5.cz\/regionalni-mocnost\/","datePublished":"2021-09-04","dateModified":"2023-05-07","mainEntityOfPage":"https:\/\/www.ok5.cz\/regionalni-mocnost\/","author":{"@type":"Person","@id":"https:\/\/www.ok5.cz\/author\/#Person","name":"","url":"https:\/\/www.ok5.cz\/author\/","identifier":1,"image":{"@type":"ImageObject","@id":"https:\/\/secure.gravatar.com\/avatar\/a414941ff2b86a79f1a70a433f21d60df00047fefe742a46b6fded139881a475?s=96&d=mm&r=g","url":"https:\/\/secure.gravatar.com\/avatar\/a414941ff2b86a79f1a70a433f21d60df00047fefe742a46b6fded139881a475?s=96&d=mm&r=g","height":96,"width":96}},"publisher":{"@type":"Organization","name":"ok5.cz","logo":{"@type":"ImageObject","@id":"\/logo.png","url":"\/logo.png","width":600,"height":60}},"image":{"@type":"ImageObject","@id":"https:\/\/www.ok5.cz\/wp-content\/uploads\/earth%20map.jpg","url":"https:\/\/www.ok5.cz\/wp-content\/uploads\/earth%20map.jpg","height":0,"width":0},"keywords":null},{"@type":"Article","@id":"https:\/\/www.ok5.cz\/hrozi-v-dalsich-volbach-cssd-neparlamentni-pristipkareni\/","headline":"Hroz\u00ed v dal\u0161\u00edch volb\u00e1ch \u010cSSD neparlamentn\u00ed p\u0159\u00ed\u0161tipka\u0159en\u00ed?","url":"https:\/\/www.ok5.cz\/hrozi-v-dalsich-volbach-cssd-neparlamentni-pristipkareni\/","datePublished":"2019-08-26","dateModified":"2023-05-07","mainEntityOfPage":"https:\/\/www.ok5.cz\/hrozi-v-dalsich-volbach-cssd-neparlamentni-pristipkareni\/","author":{"@type":"Person","@id":"https:\/\/www.ok5.cz\/author\/#Person","name":"","url":"https:\/\/www.ok5.cz\/author\/","identifier":1,"image":{"@type":"ImageObject","@id":"https:\/\/secure.gravatar.com\/avatar\/a414941ff2b86a79f1a70a433f21d60df00047fefe742a46b6fded139881a475?s=96&d=mm&r=g","url":"https:\/\/secure.gravatar.com\/avatar\/a414941ff2b86a79f1a70a433f21d60df00047fefe742a46b6fded139881a475?s=96&d=mm&r=g","height":96,"width":96}},"publisher":{"@type":"Organization","name":"ok5.cz","logo":{"@type":"ImageObject","@id":"\/logo.png","url":"\/logo.png","width":600,"height":60}},"image":{"@type":"ImageObject","@id":"https:\/\/www.ok5.cz\/wp-content\/uploads\/img_a353908_w3724_t1568478166.png","url":"https:\/\/www.ok5.cz\/wp-content\/uploads\/img_a353908_w3724_t1568478166.png","height":0,"width":0},"keywords":null}]}