[{"@context":"https:\/\/schema.org\/","@type":"Article","@id":"https:\/\/www.ok5.cz\/co-vite-o-politice-evropske-unie\/#Article","mainEntityOfPage":"https:\/\/www.ok5.cz\/co-vite-o-politice-evropske-unie\/","headline":"Co v\u00edte o POLITICE EVROPSK\u00c9 UNIE?","name":"Co v\u00edte o POLITICE EVROPSK\u00c9 UNIE?","description":"R\u00e1da bych se zam\u011b\u0159ila na POLITIKU EVROPSK\u00c9 UNIE. Pravomoce se v politice EU rozd\u011bluj\u00ed v oblasti evropsk\u00fdch politik do 3 kategori\u00ed. A) V\u00fdlu\u010dn\u00e9 pravomoce &#8211; Pravomoc vytv\u00e1\u0159et pr\u00e1vn\u00ed p\u0159edpisy m\u00e1 zde v\u00fdhradn\u011b EU. Jde tu nap\u0159\u00edklad o politiku celn\u00ed unie nebo i o m\u011bnovou politiku. B) Sd\u00edlen\u00e9 pravomoce &#8211; Zde maj\u00ed pravomoc tvo\u0159it pr\u00e1vn\u00ed p\u0159edpisy [&hellip;]","datePublished":"2022-02-07","dateModified":"2023-05-07","author":{"@type":"Person","@id":"https:\/\/www.ok5.cz\/author\/#Person","name":"","url":"https:\/\/www.ok5.cz\/author\/","identifier":1,"image":{"@type":"ImageObject","@id":"https:\/\/secure.gravatar.com\/avatar\/a414941ff2b86a79f1a70a433f21d60df00047fefe742a46b6fded139881a475?s=96&d=mm&r=g","url":"https:\/\/secure.gravatar.com\/avatar\/a414941ff2b86a79f1a70a433f21d60df00047fefe742a46b6fded139881a475?s=96&d=mm&r=g","height":96,"width":96}},"publisher":{"@type":"Organization","name":"ok5.cz","logo":{"@type":"ImageObject","@id":"\/logo.png","url":"\/logo.png","width":600,"height":60}},"image":{"@type":"ImageObject","@id":"https:\/\/www.ok5.cz\/wp-content\/uploads\/pexels-eberhard-grossgasteiger-1743364.jpg","url":"https:\/\/www.ok5.cz\/wp-content\/uploads\/pexels-eberhard-grossgasteiger-1743364.jpg","height":0,"width":0},"url":"https:\/\/www.ok5.cz\/co-vite-o-politice-evropske-unie\/","about":["Politika"],"wordCount":397,"articleBody":"R\u00e1da bych se zam\u011b\u0159ila na POLITIKU EVROPSK\u00c9 UNIE.Pravomoce se v politice EU rozd\u011bluj\u00ed v oblasti evropsk\u00fdch politik do 3 kategori\u00ed. A) V\u00fdlu\u010dn\u00e9 pravomoce &#8211; Pravomoc vytv\u00e1\u0159et pr\u00e1vn\u00ed p\u0159edpisy m\u00e1 zde v\u00fdhradn\u011b EU. Jde tu nap\u0159\u00edklad o politiku celn\u00ed unie nebo i o m\u011bnovou politiku. B) Sd\u00edlen\u00e9 pravomoce &#8211; Zde maj\u00ed pravomoc tvo\u0159it pr\u00e1vn\u00ed p\u0159edpisy \u010dlensk\u00e9 st\u00e1ty, ale jen v oblastech, kde je EU je\u0161t\u011b nem\u00e1. Pat\u0159\u00ed sem nap\u0159\u00edklad zem\u011bd\u011blsk\u00e1 \u010di soci\u00e1ln\u00ed politika. C) Podp\u016frn\u00e9 pravomoce &#8211; EU zde podporuje jen \u010dinnosti \u010dlensk\u00fdch st\u00e1t\u016f. Jde nap\u0159\u00edklad o politiku kultury \u010di vzd\u011bl\u00e1n\u00ed.\u00a0Rozhodnut\u00ed se p\u0159ijmou \u0159\u00e1dn\u00fdm legislativn\u00edm vstupem.Jednou z nejd\u016fle\u017eit\u011bj\u0161\u00edch evropsk\u00fdch politik je POLITIKA JEDNOTN\u00c9HO TRHU. C\u00edlem t\u00e9to politiky je zvy\u0161ov\u00e1n\u00ed a udr\u017eov\u00e1n\u00ed ekonomick\u00e9 prosperity, ale i u\u017e\u0161\u00ed spojen\u00ed evropsk\u00fdch st\u00e1t\u016f. Mezi politiky tohoto trhu pat\u0159\u00ed A) spole\u010dn\u00e1 zem\u011bd\u011blsk\u00e1 politika &#8211; pat\u0159\u00ed bohu\u017eel mezi nejn\u00e1kladn\u011bj\u0161\u00ed politiky EU. C\u00edlem zde je zv\u00fd\u0161en\u00ed produktivity v\u00fdroby a nap\u0159\u00edklad i zabezpe\u010den\u00ed p\u0159im\u011b\u0159en\u00ed \u017eivotn\u00ed \u00farovn\u011b zem\u011bd\u011blc\u016f. B) Region\u00e1ln\u00ed politika &#8211; Jde zde o rozvoj region\u016f, kter\u00fd je financov\u00e1n ze struktur\u00e1ln\u00edch fond\u016f (nap\u0159\u00edklad EVROPSK\u00dd FOND PRO REGION\u00c1LN\u00cd ROZVOJ). C) Soci\u00e1ln\u00ed politika &#8211; C\u00edlem zde je podpora zam\u011bstnanosti, ale i zlep\u0161ov\u00e1n\u00ed \u017eivotn\u00edch i pracovn\u00edch podm\u00ednek. Tyto c\u00edle jsou financov\u00e1ny z EVROPSK\u00c9HO SOCI\u00c1LN\u00cdHO FONDU.V\u00edte co tvo\u0159\u00ed p\u0159\u00edjmy evropsk\u00e9ho rozpo\u010dtu? M\u016f\u017eou to b\u00fdt zdroje zalo\u017een\u00e9 na hrub\u00e9m n\u00e1rodn\u00edm d\u016fchodu, kter\u00fd je z\u00e1rove\u0148 nejv\u011bt\u0161\u00edm zdrojem p\u0159\u00edjm\u016f (cca 70 % p\u0159\u00edjm\u016f), d\u00e1le to m\u016f\u017eou b\u00fdt zdroje zalo\u017een\u00e9 na dani z p\u0159idan\u00e9 hodnoty (cca 11 % z p\u0159\u00edjm\u016f), a tak\u00e9 to m\u016f\u017eou b\u00fdt tradi\u010dn\u00ed vlastn\u00ed zdroje, ty tvo\u0159\u00ed hlavn\u011b cla na zbo\u017e\u00ed dovezen\u00e9 ze zem\u00ed mimo EU. Pak tu m\u00e1me je\u0161t\u011b jin\u00e9 zdroje p\u0159\u00edjm\u016f, kam pat\u0159\u00ed nap\u0159\u00edklad da\u0148 ze sr\u00e1\u017eky z plat\u016f zam\u011bstnanc\u016f EU (\u010din\u00ed p\u0159es 1 % z p\u0159\u00edjm\u016f). V\u00fddaje tohoto evropsk\u00e9ho rozpo\u010dtu se pak d\u011bl\u00ed do jednotliv\u00fdch evropsk\u00fdch politik.                                                                                                                                                                                                                                                                                                                                                                                        4\/5 - (9 votes)        "},{"@context":"https:\/\/schema.org\/","@type":"BreadcrumbList","itemListElement":[{"@type":"ListItem","position":1,"name":"Co v\u00edte o POLITICE EVROPSK\u00c9 UNIE?","item":"https:\/\/www.ok5.cz\/co-vite-o-politice-evropske-unie\/#breadcrumbitem"}]}]