[{"@context":"https:\/\/schema.org\/","@type":"Article","@id":"https:\/\/www.ok5.cz\/albert-einstein-a-stripky-z-jeho-zivota\/#Article","mainEntityOfPage":"https:\/\/www.ok5.cz\/albert-einstein-a-stripky-z-jeho-zivota\/","headline":"Albert Einstein a st\u0159\u00edpky z jeho \u017eivota","name":"Albert Einstein a st\u0159\u00edpky z jeho \u017eivota","description":"Kdo byl Albert Einstein?\u00a0 Na sv\u011bte snad neexistuje jedin\u00fd \u010dlov\u011bk, kter\u00fd by v\u016fbec neznal Einsteina. Pro jistotu si to zopakujme. Albert byl nejv\u00fdznamn\u011bj\u0161\u00ed teoretick\u00fd fyzik sv\u00e9 doby, kter\u00fd poch\u00e1zel z\u00a0N\u011bmecka. \u010casto b\u00fdv\u00e1 ozna\u010dov\u00e1n jako nejv\u011bt\u0161\u00ed v\u011bdec 20. stolet\u00ed. Fyzice p\u0159isp\u011bl r\u016fzn\u00fdmi teoriemi, nejslavn\u011bj\u0161\u00ed je obecn\u00e1 teorie relativity, kter\u00e1 nejl\u00e9pe popisuje vesm\u00edr. Einstein z\u00edskal Nobelovu cenu [&hellip;]","datePublished":"2021-12-24","dateModified":"2023-05-07","author":{"@type":"Person","@id":"https:\/\/www.ok5.cz\/author\/#Person","name":"","url":"https:\/\/www.ok5.cz\/author\/","identifier":1,"image":{"@type":"ImageObject","@id":"https:\/\/secure.gravatar.com\/avatar\/a414941ff2b86a79f1a70a433f21d60df00047fefe742a46b6fded139881a475?s=96&d=mm&r=g","url":"https:\/\/secure.gravatar.com\/avatar\/a414941ff2b86a79f1a70a433f21d60df00047fefe742a46b6fded139881a475?s=96&d=mm&r=g","height":96,"width":96}},"publisher":{"@type":"Organization","name":"ok5.cz","logo":{"@type":"ImageObject","@id":"\/logo.png","url":"\/logo.png","width":600,"height":60}},"image":{"@type":"ImageObject","@id":"https:\/\/www.ok5.cz\/wp-content\/uploads\/Albert%20Einstein.jpg","url":"https:\/\/www.ok5.cz\/wp-content\/uploads\/Albert%20Einstein.jpg","height":0,"width":0},"url":"https:\/\/www.ok5.cz\/albert-einstein-a-stripky-z-jeho-zivota\/","about":["V\u011bda"],"wordCount":427,"articleBody":"Kdo byl Albert Einstein?\u00a0 Na sv\u011bte snad neexistuje jedin\u00fd \u010dlov\u011bk, kter\u00fd by v\u016fbec neznal Einsteina. Pro jistotu si to zopakujme. Albert byl nejv\u00fdznamn\u011bj\u0161\u00ed teoretick\u00fd fyzik sv\u00e9 doby, kter\u00fd poch\u00e1zel z\u00a0N\u011bmecka. \u010casto b\u00fdv\u00e1 ozna\u010dov\u00e1n jako nejv\u011bt\u0161\u00ed v\u011bdec 20. stolet\u00ed. Fyzice p\u0159isp\u011bl r\u016fzn\u00fdmi teoriemi, nejslavn\u011bj\u0161\u00ed je obecn\u00e1 teorie relativity, kter\u00e1 nejl\u00e9pe popisuje vesm\u00edr. Einstein z\u00edskal Nobelovu cenu za fyziku. Stal se zn\u00e1m\u00fd po cel\u00e9m sv\u011bt\u011b, jeho fotografie s\u00a0vyplazen\u00fdm jazykem a rozcuchan\u00fdm \u00fa\u010desem je ikonick\u00e1. Jeho jm\u00e9no se stalo synonymem pro \u010dlov\u011bka s\u00a0vysokou inteligenc\u00ed. V\u017edy vynikal svou inteligenc\u00edRozhodn\u011b ne. Jako d\u00edt\u011b byl pomalej\u0161\u00ed, mluvit za\u010dal a\u017e ve 3 letech. Jeho rodi\u010de se dokonce ob\u00e1vali, \u017ee je zaostal\u00fd. Ve \u0161kole byl l\u00edn\u00fd, pomal\u00fd, u\u010den\u00ed ho nebavilo a byl ter\u010dem posm\u011bchu od spolu\u017e\u00e1k\u016f. Nakonec se ale uk\u00e1zalo, \u017ee ji\u017e od d\u011btstv\u00ed byl nadpr\u016fm\u011brn\u011b inteligentn\u00ed. Z\u00e1jem o v\u011bdu se v\u00a0n\u011bm probudil ji\u017e v\u00a05 letech. S\u0148atek v\u00a0rodin\u011b V\u00a0\u00fanoru roku 1917 Einstein d\u00edky extr\u00e9mn\u00edmu pracovn\u00edmu vyp\u011bt\u00ed a \u0161patn\u00e9 strav\u011b v\u00e1\u017en\u011b onemocn\u011bl. K akutn\u00edmu onemocn\u011bn\u00ed jater se n\u00e1sledn\u011b p\u0159idala i \u017eloutenka a \u017ealude\u010dn\u00ed v\u0159edy. V\u00e1\u017en\u011b nemocn\u00e9ho Alberta si vzala do p\u00e9\u010de jeho o t\u0159i roky star\u0161\u00ed sest\u0159enice Elsa. V\u00a0tu dobu Byla \u010derstv\u011b rozveden\u00e1 a m\u011bla dv\u011b dcery. V\u011bdec i sest\u0159enice byli dob\u0159\u00ed p\u0159\u00e1tele od \u00fatl\u00e9ho v\u011bku, Einsteinova nemoc je v\u0161ak sbl\u00ed\u017eila je\u0161t\u011b v\u00edce. Elsa ho p\u0159\u00edmo zbo\u017e\u0148ovala. V\u0161e vyeskalovalo v\u00a0roce 1919, kdy se vzali. \u00a0Jeho mozek byl p\u0159\u00ednosn\u00fd i po jeho smrtiO jeho mozkov\u00e9 k\u016f\u0159e se hojn\u011b hovo\u0159ilo i po smrti slavn\u00e9ho v\u011bdce. Einstein se pr\u00fd nechal sly\u0161et, \u017ee si nep\u0159eje, aby po jeho smrti byly jeho org\u00e1ny zkoum\u00e1ny. Tomuto p\u0159\u00e1n\u00ed v\u0161ak nebylo vyhov\u011bno. Patolog, kter\u00fd ho pitval ukradl \u010d\u00e1st jeho mozku, kter\u00fd si pak schov\u00e1val s\u00a0tekutin\u011b dal\u0161\u00edch 20 let. Dodnes se nev\u00ed, co ho k\u00a0tomu vedlo. Po jeho smrti by mozek zkoum\u00e1n v\u011bdci, kte\u0159\u00ed zjistili, \u017ee jedna \u010d\u00e1st mozku Alberta nebyla zcela vyvinuta. Jednalo se o \u010d\u00e1st zodpov\u011bdnou za \u0159e\u010d a jazyk. Oproti tomu d\u00edl, kter\u00fd podporuje matematick\u00e9 my\u0161len\u00ed a prostorovou p\u0159edstavivost byla v\u011bt\u0161\u00ed asi o 15 % oproti ostatn\u00edch. \u00a0                                                                                                                                                                                                                                                                                                                                                                                        4.2\/5 - (6 votes)        "},{"@context":"https:\/\/schema.org\/","@type":"BreadcrumbList","itemListElement":[{"@type":"ListItem","position":1,"name":"Albert Einstein a st\u0159\u00edpky z jeho \u017eivota","item":"https:\/\/www.ok5.cz\/albert-einstein-a-stripky-z-jeho-zivota\/#breadcrumbitem"}]}]